{"id":1636,"date":"2020-12-24T06:26:05","date_gmt":"2020-12-24T05:26:05","guid":{"rendered":"https:\/\/oratoiretramelan.ch\/?p=1636"},"modified":"2021-05-02T04:25:11","modified_gmt":"2021-05-02T02:25:11","slug":"noel-2020-de-leebt","status":"publish","type":"post","link":"https:\/\/oratoiretramelan.ch\/index.php\/2020\/12\/24\/noel-2020-de-leebt\/","title":{"rendered":"No\u00ebl 2020 de l&rsquo;EEBT"},"content":{"rendered":"\n<div style=\"height:68px\" aria-hidden=\"true\" class=\"wp-block-spacer\"><\/div>\n\n\n\n<h4 class=\"wp-block-heading\">Joyeux No\u00ebl \u00e0 tous ! <\/h4>\n\n\n\n<p>et Bonnes f\u00eates de fin d&rsquo;ann\u00e9e ! En cette p\u00e9riode bien particuli\u00e8re nous ne pourrons pas nous r\u00e9unir pour une f\u00eate de No\u00ebl \u00e0 l&rsquo;Oratoire, mais voici quelques v\u0153ux et salutations de notre part pour vous tous !<\/p>\n\n\n\n<div style=\"height:68px\" aria-hidden=\"true\" class=\"wp-block-spacer\"><\/div>\n\n\n\n<figure class=\"wp-block-embed is-type-video is-provider-youtube wp-block-embed-youtube wp-embed-aspect-16-9 wp-has-aspect-ratio\"><div class=\"wp-block-embed__wrapper\">\n<iframe loading=\"lazy\" title=\"2020 12 Noel Tramelan (2)\" width=\"767\" height=\"431\" src=\"https:\/\/www.youtube.com\/embed\/aR34a8w_2l0?feature=oembed\" frameborder=\"0\" allow=\"accelerometer; autoplay; clipboard-write; encrypted-media; gyroscope; picture-in-picture\" allowfullscreen><\/iframe>\n<\/div><\/figure>\n","protected":false},"excerpt":{"rendered":"<p>Joyeux No\u00ebl \u00e0 tous ! et Bonnes f\u00eates de fin d&rsquo;ann\u00e9e ! En cette p\u00e9riode bien particuli\u00e8re nous ne pourrons pas nous r\u00e9unir pour une f\u00eate de No\u00ebl \u00e0 l&rsquo;Oratoire, &hellip; <\/p>\n","protected":false},"author":4,"featured_media":1637,"comment_status":"open","ping_status":"open","sticky":false,"template":"","format":"standard","meta":{"footnotes":""},"categories":[19],"tags":[],"class_list":["post-1636","post","type-post","status-publish","format-standard","has-post-thumbnail","hentry","category-articles-mot-du-pasteur"],"_links":{"self":[{"href":"https:\/\/oratoiretramelan.ch\/index.php\/wp-json\/wp\/v2\/posts\/1636","targetHints":{"allow":["GET"]}}],"collection":[{"href":"https:\/\/oratoiretramelan.ch\/index.php\/wp-json\/wp\/v2\/posts"}],"about":[{"href":"https:\/\/oratoiretramelan.ch\/index.php\/wp-json\/wp\/v2\/types\/post"}],"author":[{"embeddable":true,"href":"https:\/\/oratoiretramelan.ch\/index.php\/wp-json\/wp\/v2\/users\/4"}],"replies":[{"embeddable":true,"href":"https:\/\/oratoiretramelan.ch\/index.php\/wp-json\/wp\/v2\/comments?post=1636"}],"version-history":[{"count":7,"href":"https:\/\/oratoiretramelan.ch\/index.php\/wp-json\/wp\/v2\/posts\/1636\/revisions"}],"predecessor-version":[{"id":1889,"href":"https:\/\/oratoiretramelan.ch\/index.php\/wp-json\/wp\/v2\/posts\/1636\/revisions\/1889"}],"wp:featuredmedia":[{"embeddable":true,"href":"https:\/\/oratoiretramelan.ch\/index.php\/wp-json\/wp\/v2\/media\/1637"}],"wp:attachment":[{"href":"https:\/\/oratoiretramelan.ch\/index.php\/wp-json\/wp\/v2\/media?parent=1636"}],"wp:term":[{"taxonomy":"category","embeddable":true,"href":"https:\/\/oratoiretramelan.ch\/index.php\/wp-json\/wp\/v2\/categories?post=1636"},{"taxonomy":"post_tag","embeddable":true,"href":"https:\/\/oratoiretramelan.ch\/index.php\/wp-json\/wp\/v2\/tags?post=1636"}],"curies":[{"name":"wp","href":"https:\/\/api.w.org\/{rel}","templated":true}]}}