{"id":3112,"date":"2024-06-03T23:52:59","date_gmt":"2024-06-03T21:52:59","guid":{"rendered":"https:\/\/oratoiretramelan.ch\/?p=3112"},"modified":"2024-09-17T18:30:52","modified_gmt":"2024-09-17T16:30:52","slug":"culte-suivi-dun-bbq-le-dimanche-8-septembre","status":"publish","type":"post","link":"https:\/\/oratoiretramelan.ch\/index.php\/2024\/06\/03\/culte-suivi-dun-bbq-le-dimanche-8-septembre\/","title":{"rendered":"Culte famille \u00e0 10h suivi d&rsquo;un BBQ le dimanche 8 septembre"},"content":{"rendered":"\n<figure class=\"wp-block-image size-full\"><img loading=\"lazy\" decoding=\"async\" width=\"4000\" height=\"1844\" src=\"https:\/\/oratoiretramelan.ch\/wp-content\/uploads\/2024\/07\/20240623_122727.jpg\" alt=\"\" class=\"wp-image-3113\"\/><\/figure>\n\n\n\n<p>Nous aurons un culte famille le 8 septembre et il sera suivi d&rsquo;un BBQ o\u00f9 chacune, chacun, peut apporter de quoi griller. Les salades et desserts seront mis en commun (agape). Comme la derni\u00e8re fois, nous aurons besoin de 4-5 grills. N&rsquo;h\u00e9sitez pas \u00e0 venir et \u00e0 inviter !<\/p>\n","protected":false},"excerpt":{"rendered":"<p>Nous aurons un culte famille le 8 septembre et il sera suivi d&rsquo;un BBQ o\u00f9 chacune, chacun, peut apporter de quoi griller. Les salades et desserts seront mis en commun &hellip; <\/p>\n","protected":false},"author":6,"featured_media":2993,"comment_status":"open","ping_status":"open","sticky":false,"template":"","format":"standard","meta":{"footnotes":""},"categories":[22],"tags":[],"class_list":["post-3112","post","type-post","status-publish","format-standard","has-post-thumbnail","hentry","category-evenements-2"],"_links":{"self":[{"href":"https:\/\/oratoiretramelan.ch\/index.php\/wp-json\/wp\/v2\/posts\/3112","targetHints":{"allow":["GET"]}}],"collection":[{"href":"https:\/\/oratoiretramelan.ch\/index.php\/wp-json\/wp\/v2\/posts"}],"about":[{"href":"https:\/\/oratoiretramelan.ch\/index.php\/wp-json\/wp\/v2\/types\/post"}],"author":[{"embeddable":true,"href":"https:\/\/oratoiretramelan.ch\/index.php\/wp-json\/wp\/v2\/users\/6"}],"replies":[{"embeddable":true,"href":"https:\/\/oratoiretramelan.ch\/index.php\/wp-json\/wp\/v2\/comments?post=3112"}],"version-history":[{"count":2,"href":"https:\/\/oratoiretramelan.ch\/index.php\/wp-json\/wp\/v2\/posts\/3112\/revisions"}],"predecessor-version":[{"id":3125,"href":"https:\/\/oratoiretramelan.ch\/index.php\/wp-json\/wp\/v2\/posts\/3112\/revisions\/3125"}],"wp:featuredmedia":[{"embeddable":true,"href":"https:\/\/oratoiretramelan.ch\/index.php\/wp-json\/wp\/v2\/media\/2993"}],"wp:attachment":[{"href":"https:\/\/oratoiretramelan.ch\/index.php\/wp-json\/wp\/v2\/media?parent=3112"}],"wp:term":[{"taxonomy":"category","embeddable":true,"href":"https:\/\/oratoiretramelan.ch\/index.php\/wp-json\/wp\/v2\/categories?post=3112"},{"taxonomy":"post_tag","embeddable":true,"href":"https:\/\/oratoiretramelan.ch\/index.php\/wp-json\/wp\/v2\/tags?post=3112"}],"curies":[{"name":"wp","href":"https:\/\/api.w.org\/{rel}","templated":true}]}}