{"id":3280,"date":"2024-12-03T17:40:54","date_gmt":"2024-12-03T16:40:54","guid":{"rendered":"https:\/\/oratoiretramelan.ch\/?p=3280"},"modified":"2024-12-17T11:31:33","modified_gmt":"2024-12-17T10:31:33","slug":"culte-avec-bapteme","status":"publish","type":"post","link":"https:\/\/oratoiretramelan.ch\/index.php\/2024\/12\/03\/culte-avec-bapteme\/","title":{"rendered":"Culte avec bapt\u00eame"},"content":{"rendered":"\n<p>Dimanche 8 d\u00e9cembre \u00e0 9h30, nous aurons un bapt\u00eame suivi d&rsquo;un ap\u00e9ritif. <\/p>\n\n\n\n<figure class=\"wp-block-image size-large\"><img loading=\"lazy\" decoding=\"async\" width=\"1024\" height=\"1024\" src=\"https:\/\/oratoiretramelan.ch\/wp-content\/uploads\/2024\/12\/Sans-titre-10-1024x1024.png\" alt=\"\" class=\"wp-image-3281\" srcset=\"https:\/\/oratoiretramelan.ch\/wp-content\/uploads\/2024\/12\/Sans-titre-10-1024x1024.png 1024w, https:\/\/oratoiretramelan.ch\/wp-content\/uploads\/2024\/12\/Sans-titre-10-300x300.png 300w, https:\/\/oratoiretramelan.ch\/wp-content\/uploads\/2024\/12\/Sans-titre-10-150x150.png 150w, https:\/\/oratoiretramelan.ch\/wp-content\/uploads\/2024\/12\/Sans-titre-10-768x768.png 768w, https:\/\/oratoiretramelan.ch\/wp-content\/uploads\/2024\/12\/Sans-titre-10.png 1200w\" sizes=\"auto, (max-width: 1024px) 100vw, 1024px\" \/><\/figure>\n","protected":false},"excerpt":{"rendered":"<p>Dimanche 8 d\u00e9cembre \u00e0 9h30, nous aurons un bapt\u00eame suivi d&rsquo;un ap\u00e9ritif.<\/p>\n","protected":false},"author":6,"featured_media":3281,"comment_status":"open","ping_status":"open","sticky":false,"template":"","format":"standard","meta":{"footnotes":""},"categories":[22],"tags":[],"class_list":["post-3280","post","type-post","status-publish","format-standard","has-post-thumbnail","hentry","category-evenements-2"],"_links":{"self":[{"href":"https:\/\/oratoiretramelan.ch\/index.php\/wp-json\/wp\/v2\/posts\/3280","targetHints":{"allow":["GET"]}}],"collection":[{"href":"https:\/\/oratoiretramelan.ch\/index.php\/wp-json\/wp\/v2\/posts"}],"about":[{"href":"https:\/\/oratoiretramelan.ch\/index.php\/wp-json\/wp\/v2\/types\/post"}],"author":[{"embeddable":true,"href":"https:\/\/oratoiretramelan.ch\/index.php\/wp-json\/wp\/v2\/users\/6"}],"replies":[{"embeddable":true,"href":"https:\/\/oratoiretramelan.ch\/index.php\/wp-json\/wp\/v2\/comments?post=3280"}],"version-history":[{"count":1,"href":"https:\/\/oratoiretramelan.ch\/index.php\/wp-json\/wp\/v2\/posts\/3280\/revisions"}],"predecessor-version":[{"id":3282,"href":"https:\/\/oratoiretramelan.ch\/index.php\/wp-json\/wp\/v2\/posts\/3280\/revisions\/3282"}],"wp:featuredmedia":[{"embeddable":true,"href":"https:\/\/oratoiretramelan.ch\/index.php\/wp-json\/wp\/v2\/media\/3281"}],"wp:attachment":[{"href":"https:\/\/oratoiretramelan.ch\/index.php\/wp-json\/wp\/v2\/media?parent=3280"}],"wp:term":[{"taxonomy":"category","embeddable":true,"href":"https:\/\/oratoiretramelan.ch\/index.php\/wp-json\/wp\/v2\/categories?post=3280"},{"taxonomy":"post_tag","embeddable":true,"href":"https:\/\/oratoiretramelan.ch\/index.php\/wp-json\/wp\/v2\/tags?post=3280"}],"curies":[{"name":"wp","href":"https:\/\/api.w.org\/{rel}","templated":true}]}}