{"id":3639,"date":"2026-04-13T09:09:31","date_gmt":"2026-04-13T07:09:31","guid":{"rendered":"https:\/\/oratoiretramelan.ch\/?p=3639"},"modified":"2026-04-14T10:50:56","modified_gmt":"2026-04-14T08:50:56","slug":"concert-slemish-a-tramelan-vendredi-20-mars","status":"publish","type":"post","link":"https:\/\/oratoiretramelan.ch\/index.php\/2026\/04\/13\/concert-slemish-a-tramelan-vendredi-20-mars\/","title":{"rendered":"Concert Slemish \u00e0 Tramelan, 24 avril 2026, \u00e0 20h"},"content":{"rendered":"\n<p>Un concert du groupe folk irlandais <strong>Slemish<\/strong> aura lieu : <\/p>\n\n\n\n<p>A <strong>Tramelan<\/strong>, au Time Out (\u00e0 la patinoire) le vendredi 24 avril \u00e0 20h.<\/p>\n\n\n\n<p>Puis \u00e0 l&rsquo;Eglise Baptiste de <strong>Bienne<\/strong> le samedi 25 avril \u00e0 20h <\/p>\n\n\n\n<p>Et enfin \u00e0 l&rsquo;ancien stand de <strong>Moutier<\/strong> le dimanche 26 avril \u00e0 16h.<\/p>\n\n\n\n<figure class=\"wp-block-image size-full\"><img loading=\"lazy\" decoding=\"async\" width=\"1414\" height=\"2000\" src=\"https:\/\/oratoiretramelan.ch\/wp-content\/uploads\/2026\/04\/tournee.png\" alt=\"\" class=\"wp-image-3828\" srcset=\"https:\/\/oratoiretramelan.ch\/wp-content\/uploads\/2026\/04\/tournee.png 1414w, https:\/\/oratoiretramelan.ch\/wp-content\/uploads\/2026\/04\/tournee-212x300.png 212w, https:\/\/oratoiretramelan.ch\/wp-content\/uploads\/2026\/04\/tournee-724x1024.png 724w, https:\/\/oratoiretramelan.ch\/wp-content\/uploads\/2026\/04\/tournee-768x1086.png 768w, https:\/\/oratoiretramelan.ch\/wp-content\/uploads\/2026\/04\/tournee-1086x1536.png 1086w\" sizes=\"auto, (max-width: 1414px) 100vw, 1414px\" \/><\/figure>\n\n\n\n<p><\/p>\n","protected":false},"excerpt":{"rendered":"<p>Un concert du groupe folk irlandais Slemish aura lieu : A Tramelan, au Time Out (\u00e0 la patinoire) le vendredi 24 avril \u00e0 20h. Puis \u00e0 l&rsquo;Eglise Baptiste de Bienne &hellip; <\/p>\n","protected":false},"author":6,"featured_media":3754,"comment_status":"open","ping_status":"open","sticky":false,"template":"","format":"standard","meta":{"footnotes":""},"categories":[22],"tags":[],"class_list":["post-3639","post","type-post","status-publish","format-standard","has-post-thumbnail","hentry","category-evenements-2"],"_links":{"self":[{"href":"https:\/\/oratoiretramelan.ch\/index.php\/wp-json\/wp\/v2\/posts\/3639","targetHints":{"allow":["GET"]}}],"collection":[{"href":"https:\/\/oratoiretramelan.ch\/index.php\/wp-json\/wp\/v2\/posts"}],"about":[{"href":"https:\/\/oratoiretramelan.ch\/index.php\/wp-json\/wp\/v2\/types\/post"}],"author":[{"embeddable":true,"href":"https:\/\/oratoiretramelan.ch\/index.php\/wp-json\/wp\/v2\/users\/6"}],"replies":[{"embeddable":true,"href":"https:\/\/oratoiretramelan.ch\/index.php\/wp-json\/wp\/v2\/comments?post=3639"}],"version-history":[{"count":9,"href":"https:\/\/oratoiretramelan.ch\/index.php\/wp-json\/wp\/v2\/posts\/3639\/revisions"}],"predecessor-version":[{"id":3832,"href":"https:\/\/oratoiretramelan.ch\/index.php\/wp-json\/wp\/v2\/posts\/3639\/revisions\/3832"}],"wp:featuredmedia":[{"embeddable":true,"href":"https:\/\/oratoiretramelan.ch\/index.php\/wp-json\/wp\/v2\/media\/3754"}],"wp:attachment":[{"href":"https:\/\/oratoiretramelan.ch\/index.php\/wp-json\/wp\/v2\/media?parent=3639"}],"wp:term":[{"taxonomy":"category","embeddable":true,"href":"https:\/\/oratoiretramelan.ch\/index.php\/wp-json\/wp\/v2\/categories?post=3639"},{"taxonomy":"post_tag","embeddable":true,"href":"https:\/\/oratoiretramelan.ch\/index.php\/wp-json\/wp\/v2\/tags?post=3639"}],"curies":[{"name":"wp","href":"https:\/\/api.w.org\/{rel}","templated":true}]}}